{"id":1488,"date":"2024-03-26T10:59:59","date_gmt":"2024-03-26T09:59:59","guid":{"rendered":"https:\/\/investribico.umh.es\/?p=1488"},"modified":"2024-03-26T10:59:59","modified_gmt":"2024-03-26T09:59:59","slug":"fotografias-de-la-participacion-de-arturo-navalon-en-la-xxvii-jornada-de-empleo-de-derecho-y-dade-representando-al-maf","status":"publish","type":"post","link":"https:\/\/investribico.umh.es\/ca\/2024\/03\/26\/fotografias-de-la-participacion-de-arturo-navalon-en-la-xxvii-jornada-de-empleo-de-derecho-y-dade-representando-al-maf\/","title":{"rendered":"<span lang=\"es\">(Espa\u00f1ol) Fotograf\u00edas de la participaci\u00f3n de Arturo Naval\u00f3n en la XXVII Jornada de Empleo de Derecho y DADE representando al MAF<\/span>"},"content":{"rendered":"<p class=\"qtranxs-available-languages-message qtranxs-available-languages-message-ca\">Ho sentim, aquesta entrada es troba disponible \u00fanicament en <a href=\"https:\/\/investribico.umh.es\/es\/wp-json\/wp\/v2\/posts\/1488\" class=\"qtranxs-available-language-link qtranxs-available-language-link-es\" title=\"Espa\u00f1ol\">Espanyol Europeu<\/a>.<\/p>","protected":false},"excerpt":{"rendered":"<p>Ho sentim, aquesta entrada es troba disponible \u00fanicament en Espanyol Europeu.<\/p>\n","protected":false},"author":4121,"featured_media":0,"comment_status":"closed","ping_status":"open","sticky":false,"template":"","format":"standard","meta":{"_links_to":"","_links_to_target":""},"categories":[228],"tags":[],"_links":{"self":[{"href":"https:\/\/investribico.umh.es\/ca\/wp-json\/wp\/v2\/posts\/1488"}],"collection":[{"href":"https:\/\/investribico.umh.es\/ca\/wp-json\/wp\/v2\/posts"}],"about":[{"href":"https:\/\/investribico.umh.es\/ca\/wp-json\/wp\/v2\/types\/post"}],"author":[{"embeddable":true,"href":"https:\/\/investribico.umh.es\/ca\/wp-json\/wp\/v2\/users\/4121"}],"replies":[{"embeddable":true,"href":"https:\/\/investribico.umh.es\/ca\/wp-json\/wp\/v2\/comments?post=1488"}],"version-history":[{"count":0,"href":"https:\/\/investribico.umh.es\/ca\/wp-json\/wp\/v2\/posts\/1488\/revisions"}],"wp:attachment":[{"href":"https:\/\/investribico.umh.es\/ca\/wp-json\/wp\/v2\/media?parent=1488"}],"wp:term":[{"taxonomy":"category","embeddable":true,"href":"https:\/\/investribico.umh.es\/ca\/wp-json\/wp\/v2\/categories?post=1488"},{"taxonomy":"post_tag","embeddable":true,"href":"https:\/\/investribico.umh.es\/ca\/wp-json\/wp\/v2\/tags?post=1488"}],"curies":[{"name":"wp","href":"https:\/\/api.w.org\/{rel}","templated":true}]}}