{"id":685,"date":"2022-03-14T10:22:51","date_gmt":"2022-03-14T09:22:51","guid":{"rendered":"https:\/\/investribico.umh.es\/?p=685"},"modified":"2022-03-14T10:23:46","modified_gmt":"2022-03-14T09:23:46","slug":"sonia-diaz-espanol-directora-de-la-atv-visita-la-facultad-de-ciencias-sociales-y-juridicas-de-elche","status":"publish","type":"post","link":"https:\/\/investribico.umh.es\/ca\/2022\/03\/14\/sonia-diaz-espanol-directora-de-la-atv-visita-la-facultad-de-ciencias-sociales-y-juridicas-de-elche\/","title":{"rendered":"<span lang=\"es\">(Espa\u00f1ol) Sonia D\u00edaz Espa\u00f1ol, Directora de la ATV, visita la Facultad de Ciencias Sociales y Jur\u00eddicas de Elche<\/span>"},"content":{"rendered":"<p class=\"qtranxs-available-languages-message qtranxs-available-languages-message-ca\">Ho sentim, aquesta entrada es troba disponible \u00fanicament en <a href=\"https:\/\/investribico.umh.es\/es\/wp-json\/wp\/v2\/posts\/685\" class=\"qtranxs-available-language-link qtranxs-available-language-link-es\" title=\"Espa\u00f1ol\">Espanyol Europeu<\/a>.<\/p>","protected":false},"excerpt":{"rendered":"<p>Ho sentim, aquesta entrada es troba disponible \u00fanicament en Espanyol Europeu.<\/p>\n","protected":false},"author":4121,"featured_media":0,"comment_status":"closed","ping_status":"open","sticky":false,"template":"","format":"standard","meta":{"_links_to":"","_links_to_target":""},"categories":[228],"tags":[],"_links":{"self":[{"href":"https:\/\/investribico.umh.es\/ca\/wp-json\/wp\/v2\/posts\/685"}],"collection":[{"href":"https:\/\/investribico.umh.es\/ca\/wp-json\/wp\/v2\/posts"}],"about":[{"href":"https:\/\/investribico.umh.es\/ca\/wp-json\/wp\/v2\/types\/post"}],"author":[{"embeddable":true,"href":"https:\/\/investribico.umh.es\/ca\/wp-json\/wp\/v2\/users\/4121"}],"replies":[{"embeddable":true,"href":"https:\/\/investribico.umh.es\/ca\/wp-json\/wp\/v2\/comments?post=685"}],"version-history":[{"count":0,"href":"https:\/\/investribico.umh.es\/ca\/wp-json\/wp\/v2\/posts\/685\/revisions"}],"wp:attachment":[{"href":"https:\/\/investribico.umh.es\/ca\/wp-json\/wp\/v2\/media?parent=685"}],"wp:term":[{"taxonomy":"category","embeddable":true,"href":"https:\/\/investribico.umh.es\/ca\/wp-json\/wp\/v2\/categories?post=685"},{"taxonomy":"post_tag","embeddable":true,"href":"https:\/\/investribico.umh.es\/ca\/wp-json\/wp\/v2\/tags?post=685"}],"curies":[{"name":"wp","href":"https:\/\/api.w.org\/{rel}","templated":true}]}}