{"id":2012,"date":"2026-03-31T12:50:14","date_gmt":"2026-03-31T10:50:14","guid":{"rendered":"https:\/\/investribico.umh.es\/?p=2012"},"modified":"2026-03-31T12:50:14","modified_gmt":"2026-03-31T10:50:14","slug":"representantes-de-suma-gestion-tributaria-visitan-el-maf-acompanados-por-eva-aliaga","status":"publish","type":"post","link":"https:\/\/investribico.umh.es\/en\/2026\/03\/31\/representantes-de-suma-gestion-tributaria-visitan-el-maf-acompanados-por-eva-aliaga\/","title":{"rendered":"<span lang=\"es\">(Espa\u00f1ol) Representantes de SUMA Gesti\u00f3n Tributaria visitan el MAF, acompa\u00f1ados por Eva Aliaga<\/span>"},"content":{"rendered":"<p class=\"qtranxs-available-languages-message qtranxs-available-languages-message-en\">Sorry, this entry is only available in <a href=\"https:\/\/investribico.umh.es\/es\/wp-json\/wp\/v2\/posts\/2012\" class=\"qtranxs-available-language-link qtranxs-available-language-link-es\" title=\"Espa\u00f1ol\">European Spanish<\/a>.<\/p>","protected":false},"excerpt":{"rendered":"<p>Sorry, this entry is only available in European Spanish.<\/p>\n","protected":false},"author":4121,"featured_media":0,"comment_status":"closed","ping_status":"open","sticky":false,"template":"","format":"standard","meta":{"_links_to":"","_links_to_target":""},"categories":[228],"tags":[],"_links":{"self":[{"href":"https:\/\/investribico.umh.es\/en\/wp-json\/wp\/v2\/posts\/2012"}],"collection":[{"href":"https:\/\/investribico.umh.es\/en\/wp-json\/wp\/v2\/posts"}],"about":[{"href":"https:\/\/investribico.umh.es\/en\/wp-json\/wp\/v2\/types\/post"}],"author":[{"embeddable":true,"href":"https:\/\/investribico.umh.es\/en\/wp-json\/wp\/v2\/users\/4121"}],"replies":[{"embeddable":true,"href":"https:\/\/investribico.umh.es\/en\/wp-json\/wp\/v2\/comments?post=2012"}],"version-history":[{"count":0,"href":"https:\/\/investribico.umh.es\/en\/wp-json\/wp\/v2\/posts\/2012\/revisions"}],"wp:attachment":[{"href":"https:\/\/investribico.umh.es\/en\/wp-json\/wp\/v2\/media?parent=2012"}],"wp:term":[{"taxonomy":"category","embeddable":true,"href":"https:\/\/investribico.umh.es\/en\/wp-json\/wp\/v2\/categories?post=2012"},{"taxonomy":"post_tag","embeddable":true,"href":"https:\/\/investribico.umh.es\/en\/wp-json\/wp\/v2\/tags?post=2012"}],"curies":[{"name":"wp","href":"https:\/\/api.w.org\/{rel}","templated":true}]}}